{"id":1707,"date":"2026-01-21T14:29:41","date_gmt":"2026-01-21T14:29:41","guid":{"rendered":"https:\/\/lideser.com\/web\/?p=1707"},"modified":"2026-01-21T14:29:41","modified_gmt":"2026-01-21T14:29:41","slug":"www-lideser-com-ec-terminal-portuario-manta","status":"publish","type":"post","link":"https:\/\/lideser.com\/web\/2026\/01\/21\/www-lideser-com-ec-terminal-portuario-manta\/","title":{"rendered":"Terminal Portuario de Manta: Plataforma Estrat\u00e9gica para Graneles y Veh\u00edculos"},"content":{"rendered":"<p data-start=\"263\" data-end=\"669\">El Terminal Portuario de Manta (TPM) se consolida como un eje clave en la log\u00edstica mar\u00edtima del Ecuador, destac\u00e1ndose por su infraestructura especializada en el manejo de carga a granel y veh\u00edculos. Gracias a su ubicaci\u00f3n estrat\u00e9gica y modernas instalaciones, el TPM se ha convertido en un punto de referencia para importadores y exportadores que buscan eficiencia, seguridad y rapidez en sus operaciones.<\/p>\n<p data-start=\"671\" data-end=\"718\">Entre sus principales fortalezas se encuentran:<\/p>\n<ul data-start=\"719\" data-end=\"1058\">\n<li data-start=\"719\" data-end=\"819\">\n<p data-start=\"721\" data-end=\"819\"><strong data-start=\"721\" data-end=\"749\">Alta capacidad operativa<\/strong> para graneles s\u00f3lidos y l\u00edquidos, respaldada por tecnolog\u00eda de punta.<\/p>\n<\/li>\n<li data-start=\"820\" data-end=\"935\">\n<p data-start=\"822\" data-end=\"935\"><strong data-start=\"822\" data-end=\"863\">Zona de almacenaje segura y eficiente<\/strong>, dise\u00f1ada para responder a las exigencias del comercio exterior actual.<\/p>\n<\/li>\n<li data-start=\"936\" data-end=\"1058\">\n<p data-start=\"938\" data-end=\"1058\"><strong data-start=\"938\" data-end=\"971\">Terminal de veh\u00edculos (ro-ro)<\/strong> con condiciones \u00f3ptimas para el desembarque, almacenamiento y despacho de automotores.<\/p>\n<\/li>\n<\/ul>\n<p data-start=\"1060\" data-end=\"1331\">Adem\u00e1s, el terminal impulsa el desarrollo econ\u00f3mico regional, promoviendo nuevas inversiones y generando empleo directo e indirecto. Su modelo de gesti\u00f3n p\u00fablico-privado garantiza una administraci\u00f3n enfocada en la mejora continua, alineada con est\u00e1ndares internacionales.<\/p>\n<p data-start=\"1333\" data-end=\"1619\">En Lideser, reconocemos la importancia de puertos eficientes como el TPM para optimizar las cadenas log\u00edsticas de nuestros clientes. Por ello, mantenemos una estrecha coordinaci\u00f3n con las autoridades portuarias y aduaneras, asegurando una gesti\u00f3n \u00e1gil y conforme a la normativa vigente.<\/p>\n","protected":false},"excerpt":{"rendered":"<p>El Terminal Portuario de Manta (TPM) se consolida como un eje clave en la log\u00edstica mar\u00edtima del Ecuador, destac\u00e1ndose por su infraestructura especializada en el manejo de carga a granel y veh\u00edculos. Gracias a su ubicaci\u00f3n estrat\u00e9gica y modernas instalaciones, el TPM se ha convertido en un punto de referencia para importadores y exportadores que [&hellip;]<\/p>\n","protected":false},"author":2,"featured_media":1709,"comment_status":"closed","ping_status":"open","sticky":false,"template":"","format":"standard","meta":{"iawp_total_views":16,"footnotes":""},"categories":[15,14],"tags":[9],"class_list":["post-1707","post","type-post","status-publish","format-standard","has-post-thumbnail","hentry","category-blog","category-noticias","tag-blog"],"yoast_head":"<!-- This site is optimized with the Yoast SEO plugin v24.9 - https:\/\/yoast.com\/wordpress\/plugins\/seo\/ -->\n<title>Terminal Portuario de Manta: Plataforma Estrat\u00e9gica para Graneles y Veh\u00edculos - Lideser<\/title>\n<meta name=\"description\" content=\"Conoce c\u00f3mo el Terminal Portuario de Manta fortalece el comercio exterior con su capacidad para carga a granel y veh\u00edculos.\" \/>\n<meta name=\"robots\" content=\"index, follow, max-snippet:-1, max-image-preview:large, max-video-preview:-1\" \/>\n<link rel=\"canonical\" href=\"https:\/\/lideser.com\/web\/2026\/01\/21\/www-lideser-com-ec-terminal-portuario-manta\/\" \/>\n<meta property=\"og:locale\" content=\"es_ES\" \/>\n<meta property=\"og:type\" content=\"article\" \/>\n<meta property=\"og:title\" content=\"Terminal Portuario de Manta: Plataforma Estrat\u00e9gica para Graneles y Veh\u00edculos - Lideser\" \/>\n<meta property=\"og:description\" content=\"Conoce c\u00f3mo el Terminal Portuario de Manta fortalece el comercio exterior con su capacidad para carga a granel y veh\u00edculos.\" \/>\n<meta property=\"og:url\" content=\"https:\/\/lideser.com\/web\/2026\/01\/21\/www-lideser-com-ec-terminal-portuario-manta\/\" \/>\n<meta property=\"og:site_name\" content=\"Lideser\" \/>\n<meta property=\"article:publisher\" content=\"https:\/\/www.facebook.com\/LideserEcuador\/\" \/>\n<meta property=\"article:published_time\" content=\"2026-01-21T14:29:41+00:00\" \/>\n<meta property=\"og:image\" content=\"https:\/\/lideser.com\/web\/wp-content\/uploads\/2026\/01\/Verde-Azul-Bloques-de-Color-Degrade-Agenda-de-Reunion.jpg\" \/>\n\t<meta property=\"og:image:width\" content=\"1920\" \/>\n\t<meta property=\"og:image:height\" content=\"1080\" \/>\n\t<meta property=\"og:image:type\" content=\"image\/jpeg\" \/>\n<meta name=\"author\" content=\"Lideser Lideser\" \/>\n<meta name=\"twitter:card\" content=\"summary_large_image\" \/>\n<meta name=\"twitter:creator\" content=\"@LIDESER_ECUADOR\" \/>\n<meta name=\"twitter:site\" content=\"@LIDESER_ECUADOR\" \/>\n<meta name=\"twitter:label1\" content=\"Escrito por\" \/>\n\t<meta name=\"twitter:data1\" content=\"Lideser Lideser\" \/>\n\t<meta name=\"twitter:label2\" content=\"Tiempo de lectura\" \/>\n\t<meta name=\"twitter:data2\" content=\"2 minutos\" \/>\n<script type=\"application\/ld+json\" class=\"yoast-schema-graph\">{\"@context\":\"https:\/\/schema.org\",\"@graph\":[{\"@type\":\"Article\",\"@id\":\"https:\/\/lideser.com\/web\/2026\/01\/21\/www-lideser-com-ec-terminal-portuario-manta\/#article\",\"isPartOf\":{\"@id\":\"https:\/\/lideser.com\/web\/2026\/01\/21\/www-lideser-com-ec-terminal-portuario-manta\/\"},\"author\":{\"name\":\"Lideser Lideser\",\"@id\":\"https:\/\/lideser.com\/web\/#\/schema\/person\/7d4082486622a3c97f523a8c82e16b96\"},\"headline\":\"Terminal Portuario de Manta: Plataforma Estrat\u00e9gica para Graneles y Veh\u00edculos\",\"datePublished\":\"2026-01-21T14:29:41+00:00\",\"mainEntityOfPage\":{\"@id\":\"https:\/\/lideser.com\/web\/2026\/01\/21\/www-lideser-com-ec-terminal-portuario-manta\/\"},\"wordCount\":220,\"publisher\":{\"@id\":\"https:\/\/lideser.com\/web\/#organization\"},\"image\":{\"@id\":\"https:\/\/lideser.com\/web\/2026\/01\/21\/www-lideser-com-ec-terminal-portuario-manta\/#primaryimage\"},\"thumbnailUrl\":\"https:\/\/lideser.com\/web\/wp-content\/uploads\/2026\/01\/Verde-Azul-Bloques-de-Color-Degrade-Agenda-de-Reunion.jpg\",\"keywords\":[\"Blog\"],\"articleSection\":[\"Blog\",\"Noticias\"],\"inLanguage\":\"es\"},{\"@type\":\"WebPage\",\"@id\":\"https:\/\/lideser.com\/web\/2026\/01\/21\/www-lideser-com-ec-terminal-portuario-manta\/\",\"url\":\"https:\/\/lideser.com\/web\/2026\/01\/21\/www-lideser-com-ec-terminal-portuario-manta\/\",\"name\":\"Terminal Portuario de Manta: Plataforma Estrat\u00e9gica para Graneles y Veh\u00edculos - Lideser\",\"isPartOf\":{\"@id\":\"https:\/\/lideser.com\/web\/#website\"},\"primaryImageOfPage\":{\"@id\":\"https:\/\/lideser.com\/web\/2026\/01\/21\/www-lideser-com-ec-terminal-portuario-manta\/#primaryimage\"},\"image\":{\"@id\":\"https:\/\/lideser.com\/web\/2026\/01\/21\/www-lideser-com-ec-terminal-portuario-manta\/#primaryimage\"},\"thumbnailUrl\":\"https:\/\/lideser.com\/web\/wp-content\/uploads\/2026\/01\/Verde-Azul-Bloques-de-Color-Degrade-Agenda-de-Reunion.jpg\",\"datePublished\":\"2026-01-21T14:29:41+00:00\",\"description\":\"Conoce c\u00f3mo el Terminal Portuario de Manta fortalece el comercio exterior con su capacidad para carga a granel y veh\u00edculos.\",\"breadcrumb\":{\"@id\":\"https:\/\/lideser.com\/web\/2026\/01\/21\/www-lideser-com-ec-terminal-portuario-manta\/#breadcrumb\"},\"inLanguage\":\"es\",\"potentialAction\":[{\"@type\":\"ReadAction\",\"target\":[\"https:\/\/lideser.com\/web\/2026\/01\/21\/www-lideser-com-ec-terminal-portuario-manta\/\"]}]},{\"@type\":\"ImageObject\",\"inLanguage\":\"es\",\"@id\":\"https:\/\/lideser.com\/web\/2026\/01\/21\/www-lideser-com-ec-terminal-portuario-manta\/#primaryimage\",\"url\":\"https:\/\/lideser.com\/web\/wp-content\/uploads\/2026\/01\/Verde-Azul-Bloques-de-Color-Degrade-Agenda-de-Reunion.jpg\",\"contentUrl\":\"https:\/\/lideser.com\/web\/wp-content\/uploads\/2026\/01\/Verde-Azul-Bloques-de-Color-Degrade-Agenda-de-Reunion.jpg\",\"width\":1920,\"height\":1080},{\"@type\":\"BreadcrumbList\",\"@id\":\"https:\/\/lideser.com\/web\/2026\/01\/21\/www-lideser-com-ec-terminal-portuario-manta\/#breadcrumb\",\"itemListElement\":[{\"@type\":\"ListItem\",\"position\":1,\"name\":\"Portada\",\"item\":\"https:\/\/lideser.com\/web\/\"},{\"@type\":\"ListItem\",\"position\":2,\"name\":\"Terminal Portuario de Manta: Plataforma Estrat\u00e9gica para Graneles y Veh\u00edculos\"}]},{\"@type\":\"WebSite\",\"@id\":\"https:\/\/lideser.com\/web\/#website\",\"url\":\"https:\/\/lideser.com\/web\/\",\"name\":\"Lideser\",\"description\":\"Lideser \u2013 Log\u00edstica Integral Comercio Exterior \u2013 Agente Aduanero\",\"publisher\":{\"@id\":\"https:\/\/lideser.com\/web\/#organization\"},\"potentialAction\":[{\"@type\":\"SearchAction\",\"target\":{\"@type\":\"EntryPoint\",\"urlTemplate\":\"https:\/\/lideser.com\/web\/?s={search_term_string}\"},\"query-input\":{\"@type\":\"PropertyValueSpecification\",\"valueRequired\":true,\"valueName\":\"search_term_string\"}}],\"inLanguage\":\"es\"},{\"@type\":\"Organization\",\"@id\":\"https:\/\/lideser.com\/web\/#organization\",\"name\":\"Lideser\",\"url\":\"https:\/\/lideser.com\/web\/\",\"logo\":{\"@type\":\"ImageObject\",\"inLanguage\":\"es\",\"@id\":\"https:\/\/lideser.com\/web\/#\/schema\/logo\/image\/\",\"url\":\"https:\/\/lideser.com\/web\/wp-content\/uploads\/2020\/01\/cropped-lideser.png\",\"contentUrl\":\"https:\/\/lideser.com\/web\/wp-content\/uploads\/2020\/01\/cropped-lideser.png\",\"width\":660,\"height\":142,\"caption\":\"Lideser\"},\"image\":{\"@id\":\"https:\/\/lideser.com\/web\/#\/schema\/logo\/image\/\"},\"sameAs\":[\"https:\/\/www.facebook.com\/LideserEcuador\/\",\"https:\/\/x.com\/LIDESER_ECUADOR\"]},{\"@type\":\"Person\",\"@id\":\"https:\/\/lideser.com\/web\/#\/schema\/person\/7d4082486622a3c97f523a8c82e16b96\",\"name\":\"Lideser Lideser\",\"image\":{\"@type\":\"ImageObject\",\"inLanguage\":\"es\",\"@id\":\"https:\/\/lideser.com\/web\/#\/schema\/person\/image\/\",\"url\":\"https:\/\/secure.gravatar.com\/avatar\/6b246330dfb10276127b1479a15f387685e25a8cca52f7738ba24dc221316c2b?s=96&d=mm&r=g\",\"contentUrl\":\"https:\/\/secure.gravatar.com\/avatar\/6b246330dfb10276127b1479a15f387685e25a8cca52f7738ba24dc221316c2b?s=96&d=mm&r=g\",\"caption\":\"Lideser Lideser\"},\"sameAs\":[\"https:\/\/lideser.com\/web\"],\"url\":\"https:\/\/lideser.com\/web\/author\/lideser2025\/\"}]}<\/script>\n<!-- \/ Yoast SEO plugin. -->","yoast_head_json":{"title":"Terminal Portuario de Manta: Plataforma Estrat\u00e9gica para Graneles y Veh\u00edculos - Lideser","description":"Conoce c\u00f3mo el Terminal Portuario de Manta fortalece el comercio exterior con su capacidad para carga a granel y veh\u00edculos.","robots":{"index":"index","follow":"follow","max-snippet":"max-snippet:-1","max-image-preview":"max-image-preview:large","max-video-preview":"max-video-preview:-1"},"canonical":"https:\/\/lideser.com\/web\/2026\/01\/21\/www-lideser-com-ec-terminal-portuario-manta\/","og_locale":"es_ES","og_type":"article","og_title":"Terminal Portuario de Manta: Plataforma Estrat\u00e9gica para Graneles y Veh\u00edculos - Lideser","og_description":"Conoce c\u00f3mo el Terminal Portuario de Manta fortalece el comercio exterior con su capacidad para carga a granel y veh\u00edculos.","og_url":"https:\/\/lideser.com\/web\/2026\/01\/21\/www-lideser-com-ec-terminal-portuario-manta\/","og_site_name":"Lideser","article_publisher":"https:\/\/www.facebook.com\/LideserEcuador\/","article_published_time":"2026-01-21T14:29:41+00:00","og_image":[{"width":1920,"height":1080,"url":"https:\/\/lideser.com\/web\/wp-content\/uploads\/2026\/01\/Verde-Azul-Bloques-de-Color-Degrade-Agenda-de-Reunion.jpg","type":"image\/jpeg"}],"author":"Lideser Lideser","twitter_card":"summary_large_image","twitter_creator":"@LIDESER_ECUADOR","twitter_site":"@LIDESER_ECUADOR","twitter_misc":{"Escrito por":"Lideser Lideser","Tiempo de lectura":"2 minutos"},"schema":{"@context":"https:\/\/schema.org","@graph":[{"@type":"Article","@id":"https:\/\/lideser.com\/web\/2026\/01\/21\/www-lideser-com-ec-terminal-portuario-manta\/#article","isPartOf":{"@id":"https:\/\/lideser.com\/web\/2026\/01\/21\/www-lideser-com-ec-terminal-portuario-manta\/"},"author":{"name":"Lideser Lideser","@id":"https:\/\/lideser.com\/web\/#\/schema\/person\/7d4082486622a3c97f523a8c82e16b96"},"headline":"Terminal Portuario de Manta: Plataforma Estrat\u00e9gica para Graneles y Veh\u00edculos","datePublished":"2026-01-21T14:29:41+00:00","mainEntityOfPage":{"@id":"https:\/\/lideser.com\/web\/2026\/01\/21\/www-lideser-com-ec-terminal-portuario-manta\/"},"wordCount":220,"publisher":{"@id":"https:\/\/lideser.com\/web\/#organization"},"image":{"@id":"https:\/\/lideser.com\/web\/2026\/01\/21\/www-lideser-com-ec-terminal-portuario-manta\/#primaryimage"},"thumbnailUrl":"https:\/\/lideser.com\/web\/wp-content\/uploads\/2026\/01\/Verde-Azul-Bloques-de-Color-Degrade-Agenda-de-Reunion.jpg","keywords":["Blog"],"articleSection":["Blog","Noticias"],"inLanguage":"es"},{"@type":"WebPage","@id":"https:\/\/lideser.com\/web\/2026\/01\/21\/www-lideser-com-ec-terminal-portuario-manta\/","url":"https:\/\/lideser.com\/web\/2026\/01\/21\/www-lideser-com-ec-terminal-portuario-manta\/","name":"Terminal Portuario de Manta: Plataforma Estrat\u00e9gica para Graneles y Veh\u00edculos - Lideser","isPartOf":{"@id":"https:\/\/lideser.com\/web\/#website"},"primaryImageOfPage":{"@id":"https:\/\/lideser.com\/web\/2026\/01\/21\/www-lideser-com-ec-terminal-portuario-manta\/#primaryimage"},"image":{"@id":"https:\/\/lideser.com\/web\/2026\/01\/21\/www-lideser-com-ec-terminal-portuario-manta\/#primaryimage"},"thumbnailUrl":"https:\/\/lideser.com\/web\/wp-content\/uploads\/2026\/01\/Verde-Azul-Bloques-de-Color-Degrade-Agenda-de-Reunion.jpg","datePublished":"2026-01-21T14:29:41+00:00","description":"Conoce c\u00f3mo el Terminal Portuario de Manta fortalece el comercio exterior con su capacidad para carga a granel y veh\u00edculos.","breadcrumb":{"@id":"https:\/\/lideser.com\/web\/2026\/01\/21\/www-lideser-com-ec-terminal-portuario-manta\/#breadcrumb"},"inLanguage":"es","potentialAction":[{"@type":"ReadAction","target":["https:\/\/lideser.com\/web\/2026\/01\/21\/www-lideser-com-ec-terminal-portuario-manta\/"]}]},{"@type":"ImageObject","inLanguage":"es","@id":"https:\/\/lideser.com\/web\/2026\/01\/21\/www-lideser-com-ec-terminal-portuario-manta\/#primaryimage","url":"https:\/\/lideser.com\/web\/wp-content\/uploads\/2026\/01\/Verde-Azul-Bloques-de-Color-Degrade-Agenda-de-Reunion.jpg","contentUrl":"https:\/\/lideser.com\/web\/wp-content\/uploads\/2026\/01\/Verde-Azul-Bloques-de-Color-Degrade-Agenda-de-Reunion.jpg","width":1920,"height":1080},{"@type":"BreadcrumbList","@id":"https:\/\/lideser.com\/web\/2026\/01\/21\/www-lideser-com-ec-terminal-portuario-manta\/#breadcrumb","itemListElement":[{"@type":"ListItem","position":1,"name":"Portada","item":"https:\/\/lideser.com\/web\/"},{"@type":"ListItem","position":2,"name":"Terminal Portuario de Manta: Plataforma Estrat\u00e9gica para Graneles y Veh\u00edculos"}]},{"@type":"WebSite","@id":"https:\/\/lideser.com\/web\/#website","url":"https:\/\/lideser.com\/web\/","name":"Lideser","description":"Lideser \u2013 Log\u00edstica Integral Comercio Exterior \u2013 Agente Aduanero","publisher":{"@id":"https:\/\/lideser.com\/web\/#organization"},"potentialAction":[{"@type":"SearchAction","target":{"@type":"EntryPoint","urlTemplate":"https:\/\/lideser.com\/web\/?s={search_term_string}"},"query-input":{"@type":"PropertyValueSpecification","valueRequired":true,"valueName":"search_term_string"}}],"inLanguage":"es"},{"@type":"Organization","@id":"https:\/\/lideser.com\/web\/#organization","name":"Lideser","url":"https:\/\/lideser.com\/web\/","logo":{"@type":"ImageObject","inLanguage":"es","@id":"https:\/\/lideser.com\/web\/#\/schema\/logo\/image\/","url":"https:\/\/lideser.com\/web\/wp-content\/uploads\/2020\/01\/cropped-lideser.png","contentUrl":"https:\/\/lideser.com\/web\/wp-content\/uploads\/2020\/01\/cropped-lideser.png","width":660,"height":142,"caption":"Lideser"},"image":{"@id":"https:\/\/lideser.com\/web\/#\/schema\/logo\/image\/"},"sameAs":["https:\/\/www.facebook.com\/LideserEcuador\/","https:\/\/x.com\/LIDESER_ECUADOR"]},{"@type":"Person","@id":"https:\/\/lideser.com\/web\/#\/schema\/person\/7d4082486622a3c97f523a8c82e16b96","name":"Lideser Lideser","image":{"@type":"ImageObject","inLanguage":"es","@id":"https:\/\/lideser.com\/web\/#\/schema\/person\/image\/","url":"https:\/\/secure.gravatar.com\/avatar\/6b246330dfb10276127b1479a15f387685e25a8cca52f7738ba24dc221316c2b?s=96&d=mm&r=g","contentUrl":"https:\/\/secure.gravatar.com\/avatar\/6b246330dfb10276127b1479a15f387685e25a8cca52f7738ba24dc221316c2b?s=96&d=mm&r=g","caption":"Lideser Lideser"},"sameAs":["https:\/\/lideser.com\/web"],"url":"https:\/\/lideser.com\/web\/author\/lideser2025\/"}]}},"_links":{"self":[{"href":"https:\/\/lideser.com\/web\/wp-json\/wp\/v2\/posts\/1707","targetHints":{"allow":["GET"]}}],"collection":[{"href":"https:\/\/lideser.com\/web\/wp-json\/wp\/v2\/posts"}],"about":[{"href":"https:\/\/lideser.com\/web\/wp-json\/wp\/v2\/types\/post"}],"author":[{"embeddable":true,"href":"https:\/\/lideser.com\/web\/wp-json\/wp\/v2\/users\/2"}],"replies":[{"embeddable":true,"href":"https:\/\/lideser.com\/web\/wp-json\/wp\/v2\/comments?post=1707"}],"version-history":[{"count":1,"href":"https:\/\/lideser.com\/web\/wp-json\/wp\/v2\/posts\/1707\/revisions"}],"predecessor-version":[{"id":1710,"href":"https:\/\/lideser.com\/web\/wp-json\/wp\/v2\/posts\/1707\/revisions\/1710"}],"wp:featuredmedia":[{"embeddable":true,"href":"https:\/\/lideser.com\/web\/wp-json\/wp\/v2\/media\/1709"}],"wp:attachment":[{"href":"https:\/\/lideser.com\/web\/wp-json\/wp\/v2\/media?parent=1707"}],"wp:term":[{"taxonomy":"category","embeddable":true,"href":"https:\/\/lideser.com\/web\/wp-json\/wp\/v2\/categories?post=1707"},{"taxonomy":"post_tag","embeddable":true,"href":"https:\/\/lideser.com\/web\/wp-json\/wp\/v2\/tags?post=1707"}],"curies":[{"name":"wp","href":"https:\/\/api.w.org\/{rel}","templated":true}]}}