{"id":1661,"date":"2025-10-15T17:20:31","date_gmt":"2025-10-15T17:20:31","guid":{"rendered":"https:\/\/lideser.com\/web\/?p=1661"},"modified":"2025-10-15T17:20:31","modified_gmt":"2025-10-15T17:20:31","slug":"automatizacion-y-trabajo-logistico-ia-robotica-y-datos-configuran-un-cambio-estructural-global","status":"publish","type":"post","link":"https:\/\/lideser.com\/web\/2025\/10\/15\/automatizacion-y-trabajo-logistico-ia-robotica-y-datos-configuran-un-cambio-estructural-global\/","title":{"rendered":"Automatizaci\u00f3n y trabajo log\u00edstico: IA, rob\u00f3tica y datos configuran un cambio estructural global"},"content":{"rendered":"<p class=\"prose-text\" data-mrf-recirculation=\"Links article\"><strong><em>La digitalizaci\u00f3n avanza sobre todos los eslabones del transporte y la distribuci\u00f3n. La automatizaci\u00f3n redefinir\u00e1 los perfiles laborales y exigir\u00e1 nuevas competencias t\u00e9cnicas y digitales<\/em><\/strong><\/p>\n<p data-mrf-recirculation=\"Links article\">La log\u00edstica global se encuentra en las puertas<b>\u00a0<\/b>de una\u00a0<b>transformaci\u00f3n profunda<\/b>. Seg\u00fan un reciente informe del<b>\u00a0<\/b><a title=\"https:\/\/www.infobae.com\/movant\/2025\/10\/12\/el-foro-economico-mundial-advierte-los-ciberataques-ya-impactan-en-las-cadenas-de-abastecimiento\/\" href=\"https:\/\/www.infobae.com\/movant\/2025\/10\/12\/el-foro-economico-mundial-advierte-los-ciberataques-ya-impactan-en-las-cadenas-de-abastecimiento\/\" target=\"_blank\" rel=\"noopener noreferrer\" data-mrf-link=\"https:\/\/www.infobae.com\/movant\/2025\/10\/12\/el-foro-economico-mundial-advierte-los-ciberataques-ya-impactan-en-las-cadenas-de-abastecimiento\/\"><b>Foro Econ\u00f3mico Mundial<\/b><\/a>, los avances en inteligencia artificial, rob\u00f3tica, sensores y energ\u00eda marcar\u00e1n un antes y un despu\u00e9s en la manera en que se transportan bienes y se organizan las\u00a0<a title=\"https:\/\/www.infobae.com\/movant\/2025\/10\/09\/la-revolucion-de-la-ia-impulsa-nuevas-rutas-logisticas-globales\/\" href=\"https:\/\/www.infobae.com\/movant\/2025\/10\/09\/la-revolucion-de-la-ia-impulsa-nuevas-rutas-logisticas-globales\/\" target=\"_blank\" rel=\"noopener noreferrer\" data-mrf-link=\"https:\/\/www.infobae.com\/movant\/2025\/10\/09\/la-revolucion-de-la-ia-impulsa-nuevas-rutas-logisticas-globales\/\">cadenas de suministro<\/a>. La tecnolog\u00eda promete mejorar la eficiencia y reducir tiempos, pero tambi\u00e9n plantea\u00a0<b>desaf\u00edos laborales<\/b>\u00a0y\u00a0<b>sociales\u00a0<\/b>que los pa\u00edses deber\u00e1n enfrentar para no quedar rezagados.<\/p>\n<p data-mrf-recirculation=\"Links article\">El documento \u2014titulado\u00a0<i>Jobs of Tomorrow: Technology and the Future of the World\u2019s Largest Workforces<\/i>\u2014 analiza el impacto de\u00a0<b>cuatro tecnolog\u00edas clave<\/b>\u00a0en siete sectores que concentran la mayor parte del empleo mundial. Entre ellos, el\u00a0<b>transporte y la log\u00edstica<\/b>\u00a0emergen como uno de los\u00a0<b>m\u00e1s expuestos a los cambios<\/b>: el\u00a0<b>7%<\/b>\u00a0de los\u00a0<b>trabajadores<\/b>\u00a0del planeta pertenece a\u00a0<b>este sector<\/b>, que ser\u00e1 transformado por completo por la automatizaci\u00f3n y el uso intensivo de datos.<\/p>\n<h2 data-mrf-recirculation=\"Links article\"><strong>De la conducci\u00f3n humana a la gesti\u00f3n digital<\/strong><\/h2>\n<p data-mrf-recirculation=\"Links article\">La aplicaci\u00f3n de sistemas de\u00a0<b>inteligencia artificia<\/b>l permitir\u00e1 procesar \u00f3rdenes, planificar rutas y asignar entregas con precisi\u00f3n milim\u00e9trica. Los llamados<b>\u00a0\u201cagentes aut\u00f3nomos\u201d<\/b>\u00a0ser\u00e1n capaces de\u00a0<b>gestionar pedidos\u00a0<\/b>y<b>\u00a0coordinar env\u00edos<\/b>\u00a0en tiempo real, eliminando gran parte de los procesos manuales. Esta capacidad de decisi\u00f3n automatizada reducir\u00e1 los m\u00e1rgenes de error y optimizar\u00e1 los tiempos de traslado, al mismo tiempo que exigir\u00e1\u00a0<b>nuevos perfiles profesionales especializados<\/b>\u00a0en programaci\u00f3n, mantenimiento y control de sistemas inteligentes.<\/p>\n<p data-mrf-recirculation=\"Links article\">El informe se\u00f1ala que la convergencia entre IA y sensores avanzados permitir\u00e1\u00a0<b>mejorar\u00a0<\/b>la<b>\u00a0seguridad<\/b>\u00a0y la<b>\u00a0trazabilidad<\/b>\u00a0de los env\u00edos. Tecnolog\u00edas capaces de registrar la velocidad, el frenado o los patrones de conducci\u00f3n de los veh\u00edculos ya se utilizan para emitir alertas instant\u00e1neas en caso de riesgo, lo que reduce accidentes y optimiza el consumo energ\u00e9tico. A largo plazo, estos avances apuntan a una log\u00edstica m\u00e1s eficiente, sustentable y previsible.<\/p>\n<h2 data-mrf-recirculation=\"Links article\"><strong>El auge del trabajo digital y los desaf\u00edos de la inclusi\u00f3n<\/strong><\/h2>\n<p data-mrf-recirculation=\"Links article\">El Foro advierte que el auge de las plataformas digitales que conectan en tiempo real a consumidores, operadores y transportistas est\u00e1\u00a0<b>reconfigurando<\/b>\u00a0las\u00a0<b>relaciones laborales<\/b>. Estas herramientas, impulsadas por algoritmos que equilibran la oferta y la demanda, generan nuevas oportunidades de ingresos, pero tambi\u00e9n\u00a0<b>dependencia tecnol\u00f3gica<\/b>. Los precios, las tareas y los incentivos pasan a ser determinados por sistemas autom\u00e1ticos, lo que plantea dilemas \u00e9ticos y regulatorios en torno a la transparencia y las condiciones laborales.<\/p>\n<p data-mrf-recirculation=\"Links article\">En paralelo, la\u00a0<b>brecha digital<\/b>\u00a0se convierte en una nueva forma de\u00a0<b>desigualdad<\/b>. Las econom\u00edas con mayor conectividad podr\u00e1n aprovechar antes los beneficios de estas tecnolog\u00edas, mientras que aquellas con menor acceso a infraestructura o capacitaci\u00f3n corren el riesgo de quedar marginadas. El reto, seg\u00fan el Foro, ser\u00e1 garantizar una<b>\u00a0transici\u00f3n inclusiva\u00a0<\/b>que no excluya a los trabajadores menos familiarizados con la digitalizaci\u00f3n.<\/p>\n<div class=\"headline-wrapper\">\n<h2 class=\"header headline-class-h2\">Drones y automatizaci\u00f3n: la \u00faltima milla tambi\u00e9n cambia<\/h2>\n<\/div>\n<p class=\"paragraph\" data-mrf-recirculation=\"Links inline\">La automatizaci\u00f3n no se limitar\u00e1 a los grandes centros de distribuci\u00f3n. La llamada \u201c\u00faltima milla\u201d \u2014la etapa final del reparto\u2014 tambi\u00e9n ser\u00e1 impactada por el uso de\u00a0<b>drones\u00a0<\/b>y\u00a0<b>veh\u00edculos aut\u00f3nomos<\/b>. En varias regiones del mundo ya se est\u00e1n realizando entregas a\u00e9reas de peque\u00f1os paquetes y suministros urgentes, reduciendo tiempos y costos log\u00edsticos. Este tipo de innovaci\u00f3n desplaza parte del empleo tradicional del transporte hacia nuevas funciones de supervisi\u00f3n, mantenimiento y control remoto.<\/p>\n<p class=\"paragraph\" data-mrf-recirculation=\"Links inline\">El Foro destaca que estos cambios, si son acompa\u00f1ados por pol\u00edticas adecuadas, pueden generar<b>\u00a0empleo<\/b>\u00a0de\u00a0<b>mayor valor agregado<\/b>. Los operarios pasar\u00e1n de conducir o cargar mercanc\u00edas a gestionar flotas automatizadas, analizar datos de tr\u00e1fico o monitorear sistemas energ\u00e9ticos. Pero para ello ser\u00e1 indispensable invertir en<b>\u00a0formaci\u00f3n t\u00e9cnica<\/b>\u00a0y desarrollar programas de\u00a0<b>reconversi\u00f3n laboral<\/b>\u00a0orientados a la econom\u00eda digital.<\/p>\n<div class=\"headline-wrapper\">\n<h2 class=\"header headline-class-h2\">Capacitaci\u00f3n, regulaci\u00f3n y cooperaci\u00f3n: las claves del futuro<\/h2>\n<\/div>\n<p class=\"paragraph\" data-mrf-recirculation=\"Links inline\">La transformaci\u00f3n del trabajo log\u00edstico no depender\u00e1 solo de la adopci\u00f3n tecnol\u00f3gica, sino de la capacidad de los\u00a0<b>pa\u00edses\u00a0<\/b>para acompa\u00f1ar el cambio con\u00a0<b>marcos normativos<\/b>\u00a0y\u00a0<b>educativos<\/b>\u00a0adecuados. El Foro Econ\u00f3mico Mundial subraya la necesidad de establecer\u00a0<b>estructuras de mercado eficientes y transparentes<\/b>, as\u00ed como pol\u00edticas de capacitaci\u00f3n que permitan a los trabajadores adquirir habilidades t\u00e9cnicas y digitales.<\/p>\n<p class=\"paragraph\" data-mrf-recirculation=\"Links inline\">El informe advierte que las decisiones que se tomen hoy determinar\u00e1n si la\u00a0<b>tecnolog\u00eda<\/b>\u00a0se convierte en una\u00a0<b>herramienta<\/b>\u00a0de inclusi\u00f3n o en un<b>\u00a0factor de desigualdad<\/b>. En el caso del transporte y la log\u00edstica, el potencial para mejorar la productividad y reducir el impacto ambiental es enorme, pero solo se materializar\u00e1 si los\u00a0<b>gobiernos<\/b>, las<b>\u00a0empresas<\/b>\u00a0y los<b>\u00a0trabajadores<\/b>\u00a0colaboran en dise\u00f1ar una<b>\u00a0transici\u00f3n equilibrada<\/b>.<\/p>\n<p class=\"paragraph\" data-mrf-recirculation=\"Links inline\">La revoluci\u00f3n tecnol\u00f3gica ya est\u00e1 en marcha. El desaf\u00edo, concluye el Foro, ser\u00e1 lograr que esta nueva era de la log\u00edstica global no solo acelere el movimiento de mercanc\u00edas, sino que tambi\u00e9n impulse un modelo laboral m\u00e1s sostenible, equitativo y humano.<\/p>\n<p data-mrf-recirculation=\"Links article\">\n<div class=\"chain chain-section | col-span-12 sm:col-span-12 md:col-span-12 lg:col-span-12 \">\n<div class=\"RawHtml | space-y-2\">\n<div class=\"text-base max-w-full\">\n<div id=\"article-piano-container\"><\/div>\n<\/div>\n<\/div>\n<div class=\"separator | mb-2\"><\/div>\n<\/div>\n<div class=\"chain chain-section | col-span-12 sm:col-span-12 md:col-span-12 lg:col-span-12 \"><\/div>\n<div class=\"chain chain-section | col-span-12 sm:col-span-12 md:col-span-12 lg:col-span-12 space-y-2 \"><\/div>\n","protected":false},"excerpt":{"rendered":"<p>La digitalizaci\u00f3n avanza sobre todos los eslabones del transporte y la distribuci\u00f3n. La automatizaci\u00f3n redefinir\u00e1 los perfiles laborales y exigir\u00e1 nuevas competencias t\u00e9cnicas y digitales La log\u00edstica global se encuentra en las puertas\u00a0de una\u00a0transformaci\u00f3n profunda. Seg\u00fan un reciente informe del\u00a0Foro Econ\u00f3mico Mundial, los avances en inteligencia artificial, rob\u00f3tica, sensores y energ\u00eda marcar\u00e1n un antes y [&hellip;]<\/p>\n","protected":false},"author":2,"featured_media":1662,"comment_status":"closed","ping_status":"open","sticky":false,"template":"","format":"standard","meta":{"iawp_total_views":3,"footnotes":""},"categories":[15,14],"tags":[9],"class_list":["post-1661","post","type-post","status-publish","format-standard","has-post-thumbnail","hentry","category-blog","category-noticias","tag-blog"],"yoast_head":"<!-- This site is optimized with the Yoast SEO plugin v24.9 - https:\/\/yoast.com\/wordpress\/plugins\/seo\/ -->\n<title>Automatizaci\u00f3n y trabajo log\u00edstico: IA, rob\u00f3tica y datos configuran un cambio estructural global - Lideser<\/title>\n<meta name=\"description\" content=\"La digitalizaci\u00f3n avanza sobre todos los eslabones del transporte y la distribuci\u00f3n. La automatizaci\u00f3n redefinir\u00e1 los perfiles laborales y exigir\u00e1 nuevas competencias t\u00e9cnicas y digitales\" \/>\n<meta name=\"robots\" content=\"index, follow, max-snippet:-1, max-image-preview:large, max-video-preview:-1\" \/>\n<link rel=\"canonical\" href=\"https:\/\/lideser.com\/web\/2025\/10\/15\/automatizacion-y-trabajo-logistico-ia-robotica-y-datos-configuran-un-cambio-estructural-global\/\" \/>\n<meta property=\"og:locale\" content=\"es_ES\" \/>\n<meta property=\"og:type\" content=\"article\" \/>\n<meta property=\"og:title\" content=\"Automatizaci\u00f3n y trabajo log\u00edstico: IA, rob\u00f3tica y datos configuran un cambio estructural global - Lideser\" \/>\n<meta property=\"og:description\" content=\"La digitalizaci\u00f3n avanza sobre todos los eslabones del transporte y la distribuci\u00f3n. La automatizaci\u00f3n redefinir\u00e1 los perfiles laborales y exigir\u00e1 nuevas competencias t\u00e9cnicas y digitales\" \/>\n<meta property=\"og:url\" content=\"https:\/\/lideser.com\/web\/2025\/10\/15\/automatizacion-y-trabajo-logistico-ia-robotica-y-datos-configuran-un-cambio-estructural-global\/\" \/>\n<meta property=\"og:site_name\" content=\"Lideser\" \/>\n<meta property=\"article:publisher\" content=\"https:\/\/www.facebook.com\/LideserEcuador\/\" \/>\n<meta property=\"article:published_time\" content=\"2025-10-15T17:20:31+00:00\" \/>\n<meta property=\"og:image\" content=\"https:\/\/lideser.com\/web\/wp-content\/uploads\/2025\/10\/robots.webp\" \/>\n\t<meta property=\"og:image:width\" content=\"1920\" \/>\n\t<meta property=\"og:image:height\" content=\"768\" \/>\n\t<meta property=\"og:image:type\" content=\"image\/webp\" \/>\n<meta name=\"author\" content=\"Lideser Lideser\" \/>\n<meta name=\"twitter:card\" content=\"summary_large_image\" \/>\n<meta name=\"twitter:creator\" content=\"@LIDESER_ECUADOR\" \/>\n<meta name=\"twitter:site\" content=\"@LIDESER_ECUADOR\" \/>\n<meta name=\"twitter:label1\" content=\"Escrito por\" \/>\n\t<meta name=\"twitter:data1\" content=\"Lideser Lideser\" \/>\n\t<meta name=\"twitter:label2\" content=\"Tiempo de lectura\" \/>\n\t<meta name=\"twitter:data2\" content=\"4 minutos\" \/>\n<script type=\"application\/ld+json\" class=\"yoast-schema-graph\">{\"@context\":\"https:\/\/schema.org\",\"@graph\":[{\"@type\":\"Article\",\"@id\":\"https:\/\/lideser.com\/web\/2025\/10\/15\/automatizacion-y-trabajo-logistico-ia-robotica-y-datos-configuran-un-cambio-estructural-global\/#article\",\"isPartOf\":{\"@id\":\"https:\/\/lideser.com\/web\/2025\/10\/15\/automatizacion-y-trabajo-logistico-ia-robotica-y-datos-configuran-un-cambio-estructural-global\/\"},\"author\":{\"name\":\"Lideser Lideser\",\"@id\":\"https:\/\/lideser.com\/web\/#\/schema\/person\/7d4082486622a3c97f523a8c82e16b96\"},\"headline\":\"Automatizaci\u00f3n y trabajo log\u00edstico: IA, rob\u00f3tica y datos configuran un cambio estructural global\",\"datePublished\":\"2025-10-15T17:20:31+00:00\",\"mainEntityOfPage\":{\"@id\":\"https:\/\/lideser.com\/web\/2025\/10\/15\/automatizacion-y-trabajo-logistico-ia-robotica-y-datos-configuran-un-cambio-estructural-global\/\"},\"wordCount\":909,\"publisher\":{\"@id\":\"https:\/\/lideser.com\/web\/#organization\"},\"image\":{\"@id\":\"https:\/\/lideser.com\/web\/2025\/10\/15\/automatizacion-y-trabajo-logistico-ia-robotica-y-datos-configuran-un-cambio-estructural-global\/#primaryimage\"},\"thumbnailUrl\":\"https:\/\/lideser.com\/web\/wp-content\/uploads\/2025\/10\/robots.webp\",\"keywords\":[\"Blog\"],\"articleSection\":[\"Blog\",\"Noticias\"],\"inLanguage\":\"es\"},{\"@type\":\"WebPage\",\"@id\":\"https:\/\/lideser.com\/web\/2025\/10\/15\/automatizacion-y-trabajo-logistico-ia-robotica-y-datos-configuran-un-cambio-estructural-global\/\",\"url\":\"https:\/\/lideser.com\/web\/2025\/10\/15\/automatizacion-y-trabajo-logistico-ia-robotica-y-datos-configuran-un-cambio-estructural-global\/\",\"name\":\"Automatizaci\u00f3n y trabajo log\u00edstico: IA, rob\u00f3tica y datos configuran un cambio estructural global - Lideser\",\"isPartOf\":{\"@id\":\"https:\/\/lideser.com\/web\/#website\"},\"primaryImageOfPage\":{\"@id\":\"https:\/\/lideser.com\/web\/2025\/10\/15\/automatizacion-y-trabajo-logistico-ia-robotica-y-datos-configuran-un-cambio-estructural-global\/#primaryimage\"},\"image\":{\"@id\":\"https:\/\/lideser.com\/web\/2025\/10\/15\/automatizacion-y-trabajo-logistico-ia-robotica-y-datos-configuran-un-cambio-estructural-global\/#primaryimage\"},\"thumbnailUrl\":\"https:\/\/lideser.com\/web\/wp-content\/uploads\/2025\/10\/robots.webp\",\"datePublished\":\"2025-10-15T17:20:31+00:00\",\"description\":\"La digitalizaci\u00f3n avanza sobre todos los eslabones del transporte y la distribuci\u00f3n. La automatizaci\u00f3n redefinir\u00e1 los perfiles laborales y exigir\u00e1 nuevas competencias t\u00e9cnicas y digitales\",\"breadcrumb\":{\"@id\":\"https:\/\/lideser.com\/web\/2025\/10\/15\/automatizacion-y-trabajo-logistico-ia-robotica-y-datos-configuran-un-cambio-estructural-global\/#breadcrumb\"},\"inLanguage\":\"es\",\"potentialAction\":[{\"@type\":\"ReadAction\",\"target\":[\"https:\/\/lideser.com\/web\/2025\/10\/15\/automatizacion-y-trabajo-logistico-ia-robotica-y-datos-configuran-un-cambio-estructural-global\/\"]}]},{\"@type\":\"ImageObject\",\"inLanguage\":\"es\",\"@id\":\"https:\/\/lideser.com\/web\/2025\/10\/15\/automatizacion-y-trabajo-logistico-ia-robotica-y-datos-configuran-un-cambio-estructural-global\/#primaryimage\",\"url\":\"https:\/\/lideser.com\/web\/wp-content\/uploads\/2025\/10\/robots.webp\",\"contentUrl\":\"https:\/\/lideser.com\/web\/wp-content\/uploads\/2025\/10\/robots.webp\",\"width\":1920,\"height\":768},{\"@type\":\"BreadcrumbList\",\"@id\":\"https:\/\/lideser.com\/web\/2025\/10\/15\/automatizacion-y-trabajo-logistico-ia-robotica-y-datos-configuran-un-cambio-estructural-global\/#breadcrumb\",\"itemListElement\":[{\"@type\":\"ListItem\",\"position\":1,\"name\":\"Portada\",\"item\":\"https:\/\/lideser.com\/web\/\"},{\"@type\":\"ListItem\",\"position\":2,\"name\":\"Automatizaci\u00f3n y trabajo log\u00edstico: IA, rob\u00f3tica y datos configuran un cambio estructural global\"}]},{\"@type\":\"WebSite\",\"@id\":\"https:\/\/lideser.com\/web\/#website\",\"url\":\"https:\/\/lideser.com\/web\/\",\"name\":\"Lideser\",\"description\":\"Lideser \u2013 Log\u00edstica Integral Comercio Exterior \u2013 Agente Aduanero\",\"publisher\":{\"@id\":\"https:\/\/lideser.com\/web\/#organization\"},\"potentialAction\":[{\"@type\":\"SearchAction\",\"target\":{\"@type\":\"EntryPoint\",\"urlTemplate\":\"https:\/\/lideser.com\/web\/?s={search_term_string}\"},\"query-input\":{\"@type\":\"PropertyValueSpecification\",\"valueRequired\":true,\"valueName\":\"search_term_string\"}}],\"inLanguage\":\"es\"},{\"@type\":\"Organization\",\"@id\":\"https:\/\/lideser.com\/web\/#organization\",\"name\":\"Lideser\",\"url\":\"https:\/\/lideser.com\/web\/\",\"logo\":{\"@type\":\"ImageObject\",\"inLanguage\":\"es\",\"@id\":\"https:\/\/lideser.com\/web\/#\/schema\/logo\/image\/\",\"url\":\"https:\/\/lideser.com\/web\/wp-content\/uploads\/2020\/01\/cropped-lideser.png\",\"contentUrl\":\"https:\/\/lideser.com\/web\/wp-content\/uploads\/2020\/01\/cropped-lideser.png\",\"width\":660,\"height\":142,\"caption\":\"Lideser\"},\"image\":{\"@id\":\"https:\/\/lideser.com\/web\/#\/schema\/logo\/image\/\"},\"sameAs\":[\"https:\/\/www.facebook.com\/LideserEcuador\/\",\"https:\/\/x.com\/LIDESER_ECUADOR\"]},{\"@type\":\"Person\",\"@id\":\"https:\/\/lideser.com\/web\/#\/schema\/person\/7d4082486622a3c97f523a8c82e16b96\",\"name\":\"Lideser Lideser\",\"image\":{\"@type\":\"ImageObject\",\"inLanguage\":\"es\",\"@id\":\"https:\/\/lideser.com\/web\/#\/schema\/person\/image\/\",\"url\":\"https:\/\/secure.gravatar.com\/avatar\/6b246330dfb10276127b1479a15f387685e25a8cca52f7738ba24dc221316c2b?s=96&d=mm&r=g\",\"contentUrl\":\"https:\/\/secure.gravatar.com\/avatar\/6b246330dfb10276127b1479a15f387685e25a8cca52f7738ba24dc221316c2b?s=96&d=mm&r=g\",\"caption\":\"Lideser Lideser\"},\"sameAs\":[\"https:\/\/lideser.com\/web\"],\"url\":\"https:\/\/lideser.com\/web\/author\/lideser2025\/\"}]}<\/script>\n<!-- \/ Yoast SEO plugin. -->","yoast_head_json":{"title":"Automatizaci\u00f3n y trabajo log\u00edstico: IA, rob\u00f3tica y datos configuran un cambio estructural global - Lideser","description":"La digitalizaci\u00f3n avanza sobre todos los eslabones del transporte y la distribuci\u00f3n. La automatizaci\u00f3n redefinir\u00e1 los perfiles laborales y exigir\u00e1 nuevas competencias t\u00e9cnicas y digitales","robots":{"index":"index","follow":"follow","max-snippet":"max-snippet:-1","max-image-preview":"max-image-preview:large","max-video-preview":"max-video-preview:-1"},"canonical":"https:\/\/lideser.com\/web\/2025\/10\/15\/automatizacion-y-trabajo-logistico-ia-robotica-y-datos-configuran-un-cambio-estructural-global\/","og_locale":"es_ES","og_type":"article","og_title":"Automatizaci\u00f3n y trabajo log\u00edstico: IA, rob\u00f3tica y datos configuran un cambio estructural global - Lideser","og_description":"La digitalizaci\u00f3n avanza sobre todos los eslabones del transporte y la distribuci\u00f3n. La automatizaci\u00f3n redefinir\u00e1 los perfiles laborales y exigir\u00e1 nuevas competencias t\u00e9cnicas y digitales","og_url":"https:\/\/lideser.com\/web\/2025\/10\/15\/automatizacion-y-trabajo-logistico-ia-robotica-y-datos-configuran-un-cambio-estructural-global\/","og_site_name":"Lideser","article_publisher":"https:\/\/www.facebook.com\/LideserEcuador\/","article_published_time":"2025-10-15T17:20:31+00:00","og_image":[{"width":1920,"height":768,"url":"https:\/\/lideser.com\/web\/wp-content\/uploads\/2025\/10\/robots.webp","type":"image\/webp"}],"author":"Lideser Lideser","twitter_card":"summary_large_image","twitter_creator":"@LIDESER_ECUADOR","twitter_site":"@LIDESER_ECUADOR","twitter_misc":{"Escrito por":"Lideser Lideser","Tiempo de lectura":"4 minutos"},"schema":{"@context":"https:\/\/schema.org","@graph":[{"@type":"Article","@id":"https:\/\/lideser.com\/web\/2025\/10\/15\/automatizacion-y-trabajo-logistico-ia-robotica-y-datos-configuran-un-cambio-estructural-global\/#article","isPartOf":{"@id":"https:\/\/lideser.com\/web\/2025\/10\/15\/automatizacion-y-trabajo-logistico-ia-robotica-y-datos-configuran-un-cambio-estructural-global\/"},"author":{"name":"Lideser Lideser","@id":"https:\/\/lideser.com\/web\/#\/schema\/person\/7d4082486622a3c97f523a8c82e16b96"},"headline":"Automatizaci\u00f3n y trabajo log\u00edstico: IA, rob\u00f3tica y datos configuran un cambio estructural global","datePublished":"2025-10-15T17:20:31+00:00","mainEntityOfPage":{"@id":"https:\/\/lideser.com\/web\/2025\/10\/15\/automatizacion-y-trabajo-logistico-ia-robotica-y-datos-configuran-un-cambio-estructural-global\/"},"wordCount":909,"publisher":{"@id":"https:\/\/lideser.com\/web\/#organization"},"image":{"@id":"https:\/\/lideser.com\/web\/2025\/10\/15\/automatizacion-y-trabajo-logistico-ia-robotica-y-datos-configuran-un-cambio-estructural-global\/#primaryimage"},"thumbnailUrl":"https:\/\/lideser.com\/web\/wp-content\/uploads\/2025\/10\/robots.webp","keywords":["Blog"],"articleSection":["Blog","Noticias"],"inLanguage":"es"},{"@type":"WebPage","@id":"https:\/\/lideser.com\/web\/2025\/10\/15\/automatizacion-y-trabajo-logistico-ia-robotica-y-datos-configuran-un-cambio-estructural-global\/","url":"https:\/\/lideser.com\/web\/2025\/10\/15\/automatizacion-y-trabajo-logistico-ia-robotica-y-datos-configuran-un-cambio-estructural-global\/","name":"Automatizaci\u00f3n y trabajo log\u00edstico: IA, rob\u00f3tica y datos configuran un cambio estructural global - Lideser","isPartOf":{"@id":"https:\/\/lideser.com\/web\/#website"},"primaryImageOfPage":{"@id":"https:\/\/lideser.com\/web\/2025\/10\/15\/automatizacion-y-trabajo-logistico-ia-robotica-y-datos-configuran-un-cambio-estructural-global\/#primaryimage"},"image":{"@id":"https:\/\/lideser.com\/web\/2025\/10\/15\/automatizacion-y-trabajo-logistico-ia-robotica-y-datos-configuran-un-cambio-estructural-global\/#primaryimage"},"thumbnailUrl":"https:\/\/lideser.com\/web\/wp-content\/uploads\/2025\/10\/robots.webp","datePublished":"2025-10-15T17:20:31+00:00","description":"La digitalizaci\u00f3n avanza sobre todos los eslabones del transporte y la distribuci\u00f3n. La automatizaci\u00f3n redefinir\u00e1 los perfiles laborales y exigir\u00e1 nuevas competencias t\u00e9cnicas y digitales","breadcrumb":{"@id":"https:\/\/lideser.com\/web\/2025\/10\/15\/automatizacion-y-trabajo-logistico-ia-robotica-y-datos-configuran-un-cambio-estructural-global\/#breadcrumb"},"inLanguage":"es","potentialAction":[{"@type":"ReadAction","target":["https:\/\/lideser.com\/web\/2025\/10\/15\/automatizacion-y-trabajo-logistico-ia-robotica-y-datos-configuran-un-cambio-estructural-global\/"]}]},{"@type":"ImageObject","inLanguage":"es","@id":"https:\/\/lideser.com\/web\/2025\/10\/15\/automatizacion-y-trabajo-logistico-ia-robotica-y-datos-configuran-un-cambio-estructural-global\/#primaryimage","url":"https:\/\/lideser.com\/web\/wp-content\/uploads\/2025\/10\/robots.webp","contentUrl":"https:\/\/lideser.com\/web\/wp-content\/uploads\/2025\/10\/robots.webp","width":1920,"height":768},{"@type":"BreadcrumbList","@id":"https:\/\/lideser.com\/web\/2025\/10\/15\/automatizacion-y-trabajo-logistico-ia-robotica-y-datos-configuran-un-cambio-estructural-global\/#breadcrumb","itemListElement":[{"@type":"ListItem","position":1,"name":"Portada","item":"https:\/\/lideser.com\/web\/"},{"@type":"ListItem","position":2,"name":"Automatizaci\u00f3n y trabajo log\u00edstico: IA, rob\u00f3tica y datos configuran un cambio estructural global"}]},{"@type":"WebSite","@id":"https:\/\/lideser.com\/web\/#website","url":"https:\/\/lideser.com\/web\/","name":"Lideser","description":"Lideser \u2013 Log\u00edstica Integral Comercio Exterior \u2013 Agente Aduanero","publisher":{"@id":"https:\/\/lideser.com\/web\/#organization"},"potentialAction":[{"@type":"SearchAction","target":{"@type":"EntryPoint","urlTemplate":"https:\/\/lideser.com\/web\/?s={search_term_string}"},"query-input":{"@type":"PropertyValueSpecification","valueRequired":true,"valueName":"search_term_string"}}],"inLanguage":"es"},{"@type":"Organization","@id":"https:\/\/lideser.com\/web\/#organization","name":"Lideser","url":"https:\/\/lideser.com\/web\/","logo":{"@type":"ImageObject","inLanguage":"es","@id":"https:\/\/lideser.com\/web\/#\/schema\/logo\/image\/","url":"https:\/\/lideser.com\/web\/wp-content\/uploads\/2020\/01\/cropped-lideser.png","contentUrl":"https:\/\/lideser.com\/web\/wp-content\/uploads\/2020\/01\/cropped-lideser.png","width":660,"height":142,"caption":"Lideser"},"image":{"@id":"https:\/\/lideser.com\/web\/#\/schema\/logo\/image\/"},"sameAs":["https:\/\/www.facebook.com\/LideserEcuador\/","https:\/\/x.com\/LIDESER_ECUADOR"]},{"@type":"Person","@id":"https:\/\/lideser.com\/web\/#\/schema\/person\/7d4082486622a3c97f523a8c82e16b96","name":"Lideser Lideser","image":{"@type":"ImageObject","inLanguage":"es","@id":"https:\/\/lideser.com\/web\/#\/schema\/person\/image\/","url":"https:\/\/secure.gravatar.com\/avatar\/6b246330dfb10276127b1479a15f387685e25a8cca52f7738ba24dc221316c2b?s=96&d=mm&r=g","contentUrl":"https:\/\/secure.gravatar.com\/avatar\/6b246330dfb10276127b1479a15f387685e25a8cca52f7738ba24dc221316c2b?s=96&d=mm&r=g","caption":"Lideser Lideser"},"sameAs":["https:\/\/lideser.com\/web"],"url":"https:\/\/lideser.com\/web\/author\/lideser2025\/"}]}},"_links":{"self":[{"href":"https:\/\/lideser.com\/web\/wp-json\/wp\/v2\/posts\/1661","targetHints":{"allow":["GET"]}}],"collection":[{"href":"https:\/\/lideser.com\/web\/wp-json\/wp\/v2\/posts"}],"about":[{"href":"https:\/\/lideser.com\/web\/wp-json\/wp\/v2\/types\/post"}],"author":[{"embeddable":true,"href":"https:\/\/lideser.com\/web\/wp-json\/wp\/v2\/users\/2"}],"replies":[{"embeddable":true,"href":"https:\/\/lideser.com\/web\/wp-json\/wp\/v2\/comments?post=1661"}],"version-history":[{"count":1,"href":"https:\/\/lideser.com\/web\/wp-json\/wp\/v2\/posts\/1661\/revisions"}],"predecessor-version":[{"id":1663,"href":"https:\/\/lideser.com\/web\/wp-json\/wp\/v2\/posts\/1661\/revisions\/1663"}],"wp:featuredmedia":[{"embeddable":true,"href":"https:\/\/lideser.com\/web\/wp-json\/wp\/v2\/media\/1662"}],"wp:attachment":[{"href":"https:\/\/lideser.com\/web\/wp-json\/wp\/v2\/media?parent=1661"}],"wp:term":[{"taxonomy":"category","embeddable":true,"href":"https:\/\/lideser.com\/web\/wp-json\/wp\/v2\/categories?post=1661"},{"taxonomy":"post_tag","embeddable":true,"href":"https:\/\/lideser.com\/web\/wp-json\/wp\/v2\/tags?post=1661"}],"curies":[{"name":"wp","href":"https:\/\/api.w.org\/{rel}","templated":true}]}}